{"id":15091,"date":"2025-02-28T11:51:11","date_gmt":"2025-02-28T09:51:11","guid":{"rendered":"https:\/\/solarpunkcities.com\/?p=15091"},"modified":"2025-10-15T13:02:09","modified_gmt":"2025-10-15T11:02:09","slug":"freiburg-deutschlands-sonnenhauptstadt","status":"publish","type":"post","link":"https:\/\/solarpunkcities.com\/de\/stadt-projekte\/freiburg-de\/freiburg-deutschlands-sonnenhauptstadt\/","title":{"rendered":"Freiburg: Deutschlands Sonnenhauptstadt"},"content":{"rendered":"\n<p>Freiburg liegt im S\u00fcdwesten Deutschlands, nicht weit von Frankreich und der Schweiz entfernt, und ist von H\u00fcgeln und Weinbergen umgeben. Die Sonne scheint im Durchschnitt rund 1800 Stunden pro Jahr,<em>[1]<\/em> h\u00e4ufiger als irgendwo sonst in Deutschland, was die Stadt zur &#8222;Sonnenhauptstadt Deutschlands&#8220; machte.<em>[2]<\/em> Die Stadt ist seit langem f\u00fcr ihr Umweltbewusstsein und ihre innovative Stadtplanung bekannt. <\/p>\n\n\n\n<h4 class=\"wp-block-heading\">Geschichte<\/h4>\n\n\n\n<p>Historisch gesehen war Freiburg eine Marktstadt und ein Knotenpunkt f\u00fcr den regionalen Handel. Die Gr\u00fcndung der Stadt geht auf das Jahr 1120 zur\u00fcck. Der mittelalterliche Kern der Stadt, einschlie\u00dflich der ber\u00fchmten gotischen Kathedrale, dem Freiburger M\u00fcnster, ist immer noch ein Zeugnis der reichen Vergangenheit. Nach dem Zweiten Weltkrieg wurden Teile Freiburgs wiederaufgebaut und damit die Weichen f\u00fcr die Entwicklung zu einer zukunftsorientierten, umweltbewussten Stadt gestellt.<em>[1]<\/em><\/p>\n\n\n\n<p><\/p>\n\n\n\n<figure class=\"wp-block-image size-large\"><img fetchpriority=\"high\" decoding=\"async\" width=\"1024\" height=\"683\" src=\"https:\/\/solarpunkcities.com\/wp-content\/uploads\/2025\/02\/david-hertle-4RAyNOpulFk-unsplash-1024x683.jpg\" alt=\"Das Freiburger M\u00fcnster in der Altstadt, an einem sonnigen Tag\" class=\"wp-image-14442\" srcset=\"https:\/\/solarpunkcities.com\/wp-content\/uploads\/2025\/02\/david-hertle-4RAyNOpulFk-unsplash-1024x683.jpg 1024w, https:\/\/solarpunkcities.com\/wp-content\/uploads\/2025\/02\/david-hertle-4RAyNOpulFk-unsplash-300x200.jpg 300w, https:\/\/solarpunkcities.com\/wp-content\/uploads\/2025\/02\/david-hertle-4RAyNOpulFk-unsplash-768x512.jpg 768w, https:\/\/solarpunkcities.com\/wp-content\/uploads\/2025\/02\/david-hertle-4RAyNOpulFk-unsplash-1536x1025.jpg 1536w, https:\/\/solarpunkcities.com\/wp-content\/uploads\/2025\/02\/david-hertle-4RAyNOpulFk-unsplash-2048x1366.jpg 2048w\" sizes=\"(max-width: 1024px) 100vw, 1024px\" \/><\/figure>\n\n\n\n<h4 class=\"wp-block-heading\">Freiburg heute<\/h4>\n\n\n\n<p>Freiburg ist eine attraktive Studentenstadt mit vielen Universit\u00e4ten und Forschungszentren. Diese sind wichtige Wirtschaftsfaktoren und kurbeln die Besch\u00e4ftigung an, sodass die Bev\u00f6lkerung stetig w\u00e4chst. Eingebettet in eine wundersch\u00f6ne Landschaft, in der N\u00e4he des Schwarzwalds und der Vogesen, des Bodensees und der Alpen, bietet Freiburg auch ein breites Angebot an sportlichen Aktivit\u00e4ten im Freien.  <\/p>\n\n\n\n<p>Die Stadt verf\u00fcgt \u00fcber eine starke Solarindustrie und Forschung, darunter das <a href=\"https:\/\/www.ise.fraunhofer.de\/en.html\" data-type=\"link\" data-id=\"https:\/\/www.ise.fraunhofer.de\/en.html\">Fraunhofer-Institut f\u00fcr Solare Energiesysteme ISE<\/a>. Freiburg ist auch Sitz von internationalen Organisationen wie <a href=\"https:\/\/iclei.org\/\" data-type=\"link\" data-id=\"https:\/\/iclei.org\/\">ICLEI &#8211; Local Governments for Sustainability<\/a> und der <a href=\"https:\/\/www.ises.org\/\">International Solar Energy Society<\/a>. Politisch ist die Stadt eine Hochburg der Partei <a href=\"https:\/\/en.wikipedia.org\/wiki\/Alliance_90\/The_Greens\" data-type=\"link\" data-id=\"https:\/\/en.wikipedia.org\/wiki\/Alliance_90\/The_Greens\">Die Gr\u00fcnen<\/a>.  <\/p>\n\n\n\n<p>Viele Freiburger lieben das Fahrradfahren und das Recycling&#8211;ein gewisser Solarpunk Spirit wohnt ihnen also inne.<\/p>\n\n\n\n<p><\/p>\n\n\n\n<h4 class=\"wp-block-heading\">Solarpunk Aspekte in der Stadtplanung<\/h4>\n\n\n\n<p>Die Transformation Freiburgs in ein Parade-Beispiel f\u00fcr nachhaltiges st\u00e4dtisches Leben begann in den 1980er Jahren, angetrieben durch den starken lokalen Widerstand gegen die nahegelegenen Kernkraftwerke (siehe auch unseren Artikel \u00fcber <a href=\"https:\/\/solarpunkcities.com\/de\/energie\/fusion-der-heilige-gral-sauberer-energie\/\" data-type=\"link\" data-id=\"https:\/\/solarpunkcities.com\/energy\/fusion-energy-the-holy-grail-of-clean-energy\/\">&#8222;Fusionsenergie&#8220;: Der Heilige Gral sauberer Energie&#8220;<\/a>, der sich mit den Risiken und Gefahren von Kernspaltungskraftwerken befasst)<em>[3]<\/em> Dies war der Ausl\u00f6ser f\u00fcr einen Wandel hin zu erneuerbaren Energien und \u00f6kologischer Stadtgestaltung. Zu den wichtigsten Projekten geh\u00f6ren: <\/p>\n\n\n\n<p><strong>Vauban-Distrikt<\/strong><em><strong>[4]<\/strong><\/em><\/p>\n\n\n\n<ul class=\"wp-block-list\">\n<li><strong>Zeitplan<\/strong>: Baubeginn 1998, Fertigstellung in mehreren Phasen in den 2000er Jahren<\/li>\n<\/ul>\n\n\n\n<p><\/p>\n\n\n\n<ul class=\"wp-block-list\">\n<li><strong>Einwohnerzahl<\/strong>: Ungef\u00e4hr 5.500 Einwohner<\/li>\n<\/ul>\n\n\n\n<p><\/p>\n\n\n\n<ul class=\"wp-block-list\">\n<li><strong>Merkmale<\/strong>: Der Stadtteil Vauban ist ein verkehrsberuhigtes Gebiet, das auf Solarenergie, energieeffiziente H\u00e4user (siehe auch unseren Artikel \u00fcber <a href=\"https:\/\/solarpunkcities.com\/de\/kunst\/architektur\/niedrigenergiehauser-bauen-fur-eine-nachhaltige-zukunft\/\" data-type=\"link\" data-id=\"https:\/\/solarpunkcities.com\/arts\/low-energy-houses-building-for-a-sustainable-future\/\">Niedrigenergieh\u00e4user<\/a>) und Gr\u00fcnfl\u00e4chen setzt. Autos m\u00fcssen sich an eine <strong>Geschwindigkeitsbegrenzung von 30 km\/h<\/strong> halten und Fu\u00dfg\u00e4ngern und Radfahrern die Vorfahrt gew\u00e4hren. Die Stra\u00dfen sind so angelegt, dass Fu\u00dfg\u00e4nger, Radfahrer und \u00f6ffentliche Verkehrsmittel Vorrang haben, was die Stadt zu einem \u00e4u\u00dferst nachhaltigen und fu\u00dfg\u00e4ngerfreundlichen Viertel macht. Alle Geb\u00e4ude sind nach Niedrigenergie- oder Passivhausstandards gebaut und viele sind mit Photovoltaikanlagen ausgestattet.   <\/li>\n<\/ul>\n\n\n\n<p><\/p>\n\n\n\n<ul class=\"wp-block-list\">\n<li><strong>Fortbewegung:<\/strong> Die Einwohner nutzen haupts\u00e4chlich Fahrr\u00e4der, Stra\u00dfenbahnen und Carsharing-Dienste. Eine Stra\u00dfenbahnlinie verbindet Vauban direkt mit dem Stadtzentrum von Freiburg. <\/li>\n<\/ul>\n\n\n\n<p><\/p>\n\n\n\n<ul class=\"wp-block-list\">\n<li><strong>Kosten<\/strong>: 120 Millionen Euro f\u00fcr die Infrastruktur, mit durchschnittlichen Wohnkosten von 1.500 Euro pro m\u00b2 in der Anfangsphase der Entwicklung<\/li>\n<\/ul>\n\n\n\n<p><\/p>\n\n\n\n<figure class=\"wp-block-image size-large\"><img decoding=\"async\" width=\"1024\" height=\"767\" data-src=\"https:\/\/solarpunkcities.com\/wp-content\/uploads\/2025\/02\/Ecoquartier_vauban_freibourg1_Claire7373_CC4.0-1024x767.jpg\" alt=\"Das Freiburger \u00d6ko-Viertel Vauban besteht aus bunten H\u00e4userzeilen, die von Gr\u00fcn umgeben sind. Auf der verkehrsberuhigten Spielstra\u00dfe'f\u00e4hrt ein kleines Kind auf seinem Mini-Fahrrad. \" class=\"wp-image-14446 lazyload\" data-srcset=\"https:\/\/solarpunkcities.com\/wp-content\/uploads\/2025\/02\/Ecoquartier_vauban_freibourg1_Claire7373_CC4.0-1024x767.jpg 1024w, https:\/\/solarpunkcities.com\/wp-content\/uploads\/2025\/02\/Ecoquartier_vauban_freibourg1_Claire7373_CC4.0-300x225.jpg 300w, https:\/\/solarpunkcities.com\/wp-content\/uploads\/2025\/02\/Ecoquartier_vauban_freibourg1_Claire7373_CC4.0-768x575.jpg 768w, https:\/\/solarpunkcities.com\/wp-content\/uploads\/2025\/02\/Ecoquartier_vauban_freibourg1_Claire7373_CC4.0-1536x1151.jpg 1536w, https:\/\/solarpunkcities.com\/wp-content\/uploads\/2025\/02\/Ecoquartier_vauban_freibourg1_Claire7373_CC4.0.jpg 1938w\" data-sizes=\"(max-width: 1024px) 100vw, 1024px\" src=\"data:image\/svg+xml;base64,PHN2ZyB3aWR0aD0iMSIgaGVpZ2h0PSIxIiB4bWxucz0iaHR0cDovL3d3dy53My5vcmcvMjAwMC9zdmciPjwvc3ZnPg==\" style=\"--smush-placeholder-width: 1024px; --smush-placeholder-aspect-ratio: 1024\/767;\" \/><\/figure>\n\n\n\n<p><strong>Stadtteil Rieselfeld<\/strong><strong><em>[5]<\/em><\/strong><\/p>\n\n\n\n<ul class=\"wp-block-list\">\n<li><strong>Zeitplan<\/strong>: Entwickelt zwischen 1993 und 2010, Bau 2012 abgeschlossen<\/li>\n<\/ul>\n\n\n\n<p><\/p>\n\n\n\n<ul class=\"wp-block-list\">\n<li><strong>Einwohnerzahl<\/strong>: Etwa 10.000 Einwohner<\/li>\n<\/ul>\n\n\n\n<p><\/p>\n\n\n\n<ul class=\"wp-block-list\">\n<li><strong>Merkmale<\/strong>: Rieselfeld wurde auf ehemaligen Rieselfeldern erbaut und verf\u00fcgt \u00fcber kompakte, umweltfreundlichen Wohnanlangen mit gro\u00dfz\u00fcgigen Gr\u00fcnfl\u00e4chen und <a href=\"https:\/\/solarpunkcities.com\/de\/technologie\/das-konzept-der-schwammstadt-vom-alten-china-zur-neuzeit\/\" data-type=\"link\" data-id=\"https:\/\/solarpunkcities.com\/technology\/sponge-city-concept-from-ancient-china-to-the-modern-era\/\">nachhaltigen Entw\u00e4sserungssystemen<\/a>. Um ein zu eint\u00f6niges Erscheinungsbild zu vermeiden, wurden Investoren auf den Bau von je maximal 40 Einheiten beschr\u00e4nkt. Zu den Infrastrukturen und Dienstleistungen geh\u00f6ren Kindertagesst\u00e4tten und Schulen (von der Grundschule bis zum Gymnasium). Es wurden rund 1.000 Arbeitspl\u00e4tze in Rieselfeld geschaffen. Die demografische Mischung aus jungen und alten Menschen, Singles, Familien, Vermietern und Mietern ist ideal und schafft eine sehr attraktive und lebendige Gemeinde.   <\/li>\n<\/ul>\n\n\n\n<p><\/p>\n\n\n\n<ul class=\"wp-block-list\">\n<li><strong>Verkehrsmittel<\/strong>: Wie Vauban ist auch Rieselfeld durch Stra\u00dfenbahnen und Radwege gut angebunden<\/li>\n<\/ul>\n\n\n\n<p><\/p>\n\n\n\n<ul class=\"wp-block-list\">\n<li><strong>Kosten:<\/strong> Die anf\u00e4nglichen Kosten beliefen sich auf 145 Millionen Euro, von denen 85 Millionen durch den Verkauf des Gel\u00e4ndes (das sich im Besitz der Stadt befand) ausgeglichen wurden<\/li>\n<\/ul>\n\n\n\n<p><\/p>\n\n\n\n<figure class=\"wp-block-image size-large\"><img decoding=\"async\" width=\"1024\" height=\"575\" data-src=\"https:\/\/solarpunkcities.com\/wp-content\/uploads\/2025\/02\/20160211-Freiburg-Rieselfeld-Aerial_Thomas_Berwing_CC4.0-1024x575.jpg\" alt=\"Luftaufnahme des Stadtteils Rieselfel mit vielen umweltfreundlichen Geb\u00e4uden, deren D\u00e4cher mitsamt ihrer blau-grauen PV-Anlagen zur Sonne ausgerichtet sind; im Hintergrund ist eine malerische Bergkette zu sehen\" class=\"wp-image-14450 lazyload\" data-srcset=\"https:\/\/solarpunkcities.com\/wp-content\/uploads\/2025\/02\/20160211-Freiburg-Rieselfeld-Aerial_Thomas_Berwing_CC4.0-1024x575.jpg 1024w, https:\/\/solarpunkcities.com\/wp-content\/uploads\/2025\/02\/20160211-Freiburg-Rieselfeld-Aerial_Thomas_Berwing_CC4.0-300x168.jpg 300w, https:\/\/solarpunkcities.com\/wp-content\/uploads\/2025\/02\/20160211-Freiburg-Rieselfeld-Aerial_Thomas_Berwing_CC4.0-768x431.jpg 768w, https:\/\/solarpunkcities.com\/wp-content\/uploads\/2025\/02\/20160211-Freiburg-Rieselfeld-Aerial_Thomas_Berwing_CC4.0-1536x863.jpg 1536w, https:\/\/solarpunkcities.com\/wp-content\/uploads\/2025\/02\/20160211-Freiburg-Rieselfeld-Aerial_Thomas_Berwing_CC4.0-2048x1150.jpg 2048w\" data-sizes=\"(max-width: 1024px) 100vw, 1024px\" src=\"data:image\/svg+xml;base64,PHN2ZyB3aWR0aD0iMSIgaGVpZ2h0PSIxIiB4bWxucz0iaHR0cDovL3d3dy53My5vcmcvMjAwMC9zdmciPjwvc3ZnPg==\" style=\"--smush-placeholder-width: 1024px; --smush-placeholder-aspect-ratio: 1024\/575;\" \/><\/figure>\n\n\n\n<p><\/p>\n\n\n\n<p><strong>Sonnenschiff<em>[6]<\/em><\/strong><\/p>\n\n\n\n<ul class=\"wp-block-list\">\n<li><strong>Zeitplan<\/strong>: Abgeschlossen in 2006<\/li>\n<\/ul>\n\n\n\n<p><\/p>\n\n\n\n<ul class=\"wp-block-list\">\n<li><strong>Merkmale<\/strong>: Die weltweit erste Wohnsiedlung mit einer positiven Energiebilanz, d.h. <strong>sie produziert mehr Energie als sie verbraucht!<\/strong><\/li>\n<\/ul>\n\n\n\n<p><\/p>\n\n\n\n<ul class=\"wp-block-list\">\n<li><strong>Technologie<\/strong>: Photovoltaikanlagen erzeugen j\u00e4hrlich 445 kWh\/m\u00b2<\/li>\n<\/ul>\n\n\n\n<p><\/p>\n\n\n\n<ul class=\"wp-block-list\">\n<li><strong>Einwohnerzahl<\/strong>: Heimat von etwa 60 Familien.<\/li>\n<\/ul>\n\n\n\n<p><\/p>\n\n\n\n<ul class=\"wp-block-list\">\n<li><strong>Kosten:<\/strong> 14 Millionen Euro Projektkosten, einschlie\u00dflich fortschrittlicher Photovoltaiksysteme<\/li>\n<\/ul>\n\n\n\n<p><\/p>\n\n\n\n<figure class=\"wp-block-image size-large\"><img decoding=\"async\" width=\"1024\" height=\"614\" data-src=\"https:\/\/solarpunkcities.com\/wp-content\/uploads\/2025\/02\/Vauban_2072_Sromuald_CC3.0-1024x614.jpg\" alt=\"Links befindet sich das &quot;Sonnenschiff&quot;; vor dem bunten Komplex verl\u00e4uft eine Stra\u00dfe mit Stra\u00dfenbahnen und einem Fahrradweg\" class=\"wp-image-14444 lazyload\" data-srcset=\"https:\/\/solarpunkcities.com\/wp-content\/uploads\/2025\/02\/Vauban_2072_Sromuald_CC3.0-1024x614.jpg 1024w, https:\/\/solarpunkcities.com\/wp-content\/uploads\/2025\/02\/Vauban_2072_Sromuald_CC3.0-300x180.jpg 300w, https:\/\/solarpunkcities.com\/wp-content\/uploads\/2025\/02\/Vauban_2072_Sromuald_CC3.0-768x461.jpg 768w, https:\/\/solarpunkcities.com\/wp-content\/uploads\/2025\/02\/Vauban_2072_Sromuald_CC3.0-1536x921.jpg 1536w, https:\/\/solarpunkcities.com\/wp-content\/uploads\/2025\/02\/Vauban_2072_Sromuald_CC3.0-2048x1228.jpg 2048w\" data-sizes=\"(max-width: 1024px) 100vw, 1024px\" src=\"data:image\/svg+xml;base64,PHN2ZyB3aWR0aD0iMSIgaGVpZ2h0PSIxIiB4bWxucz0iaHR0cDovL3d3dy53My5vcmcvMjAwMC9zdmciPjwvc3ZnPg==\" style=\"--smush-placeholder-width: 1024px; --smush-placeholder-aspect-ratio: 1024\/614;\" \/><\/figure>\n\n\n\n<h4 class=\"wp-block-heading\">Regulierung und Governance<\/h4>\n\n\n\n<p>Der Erfolg Freiburgs beruht auf fortschrittlichen Bauvorschriften und Anreizen f\u00fcr erneuerbare Energien. Hier eine Auswahl an wichtigen Meilensteinen:<em>[3]<\/em> <\/p>\n\n\n\n<ul class=\"wp-block-list\">\n<li><strong>Beschluss zur Abfallwirtschaft<\/strong>: Einf\u00fchrung von Anforderungen f\u00fcr wiederverwendbare Verpackungen im Jahr 1991<\/li>\n<\/ul>\n\n\n\n<p><\/p>\n\n\n\n<ul class=\"wp-block-list\">\n<li><strong>Niedrig-Energie-Standards<\/strong>: Die 1992 eingef\u00fchrte Freiburger Energieeinsparverordnung (FEVS) verlangt von Neubauten die Einhaltung strenger Energieeffizienzkriterien, die mehrfach aktualisiert wurden, um sie an die deutschen Klimaziele anzupassen.<\/li>\n<\/ul>\n\n\n\n<p><\/p>\n\n\n\n<ul class=\"wp-block-list\">\n<li>Im Jahr 1994 wurde <strong>Heliotrop<\/strong> das erste Plus-Energiehaus der Welt, das mehr Energie produziert als es verbraucht<em>[7].<\/em><\/li>\n<\/ul>\n\n\n\n<p><\/p>\n\n\n\n<ul class=\"wp-block-list\">\n<li>Neues <strong>Klimaschutzziel<\/strong> im Jahr 2014 festgelegt: 50% weniger CO2 bis 2030, Klimaneutralit\u00e4t bis 2050<\/li>\n<\/ul>\n\n\n\n<p><\/p>\n\n\n\n<ul class=\"wp-block-list\">\n<li>2019: <strong>Aktualisierung<\/strong> des Klimaschutzkonzepts: 60% CO2-Reduktion bis 2030, 100% Reduktion bis 2050<\/li>\n<\/ul>\n\n\n\n<p><\/p>\n\n\n\n<ul class=\"wp-block-list\">\n<li>Im Jahr 2021 beschloss der Freiburger Gemeinderat eine Klimaschutzkampagne und richtete einen <strong>120 Millionen Euro schweren Zukunftsfonds<\/strong> ein. Mit dieser Initiative werden die Klimaschutzziele angehoben. Freiburg soll bis 2038 klimaneutral werden. <\/li>\n<\/ul>\n\n\n\n<p><\/p>\n\n\n\n<h4 class=\"wp-block-heading\">Verkehr und Anschl\u00fcsse<\/h4>\n\n\n\n<p>Das gr\u00fcne Verkehrsnetz von Freiburg ist vorbildlich:<\/p>\n\n\n\n<ul class=\"wp-block-list\">\n<li><strong>Radfahren<\/strong>: Ungef\u00e4hr 250 km Fahrradstra\u00dfen oder Radwege, wobei 34 % der Fahrten innerhalb der Stadt Freiburg mit dem Fahrrad zur\u00fcckgelegt werden (29 % von Fu\u00dfg\u00e4ngern und nur 17 % mit dem Auto)<em>[8]<\/em><\/li>\n<\/ul>\n\n\n\n<p><\/p>\n\n\n\n<ul class=\"wp-block-list\">\n<li><strong>\u00d6ffentliche Verkehrsmittel<\/strong>: Die Stra\u00dfenbahnlinien sind das R\u00fcckgrat des \u00f6ffentlichen Nahverkehrs. Das Stra\u00dfenbahnnetz ist aufgrund der niedrigen Fahrpreise sehr beliebt und bietet unbegrenzte Bef\u00f6rderung in der Stadt und im Umland. Veranstaltungstickets f\u00fcr Konzerte und Sport sind auch f\u00fcr die \u00f6ffentlichen Verkehrsmittel g\u00fcltig. 70 % der Bev\u00f6lkerung leben nur max. 500 m von einer Stra\u00dfenbahnhaltestelle entfernt. Die Stra\u00dfenbahnen fahren alle 7-8 Minuten.<em>[1]<\/em><\/li>\n<\/ul>\n\n\n\n<p><\/p>\n\n\n\n<figure class=\"wp-block-image size-large\"><img decoding=\"async\" width=\"1024\" height=\"634\" data-src=\"https:\/\/solarpunkcities.com\/wp-content\/uploads\/2025\/02\/Rothaus-Urbos_308_der_VAG_Ringtonatus_CC4.0-1024x634.jpg\" alt=\"Eine rote Stra\u00dfenbahn f\u00e4hrt in einen Vorort au\u00dferhalb der Freiburger Altstadt\" class=\"wp-image-14561 lazyload\" data-srcset=\"https:\/\/solarpunkcities.com\/wp-content\/uploads\/2025\/02\/Rothaus-Urbos_308_der_VAG_Ringtonatus_CC4.0-1024x634.jpg 1024w, https:\/\/solarpunkcities.com\/wp-content\/uploads\/2025\/02\/Rothaus-Urbos_308_der_VAG_Ringtonatus_CC4.0-300x186.jpg 300w, https:\/\/solarpunkcities.com\/wp-content\/uploads\/2025\/02\/Rothaus-Urbos_308_der_VAG_Ringtonatus_CC4.0-768x475.jpg 768w, https:\/\/solarpunkcities.com\/wp-content\/uploads\/2025\/02\/Rothaus-Urbos_308_der_VAG_Ringtonatus_CC4.0-1536x951.jpg 1536w, https:\/\/solarpunkcities.com\/wp-content\/uploads\/2025\/02\/Rothaus-Urbos_308_der_VAG_Ringtonatus_CC4.0-2048x1268.jpg 2048w\" data-sizes=\"(max-width: 1024px) 100vw, 1024px\" src=\"data:image\/svg+xml;base64,PHN2ZyB3aWR0aD0iMSIgaGVpZ2h0PSIxIiB4bWxucz0iaHR0cDovL3d3dy53My5vcmcvMjAwMC9zdmciPjwvc3ZnPg==\" style=\"--smush-placeholder-width: 1024px; --smush-placeholder-aspect-ratio: 1024\/634;\" \/><\/figure>\n\n\n\n<ul class=\"wp-block-list\">\n<li><strong>Bahnverbindungen<\/strong>: Freiburg ist ein wichtiger Fernverkehrsknotenpunkt im Netz der Deutschen Bahn und bietet Hochgeschwindigkeitsverbindungen nach Basel, Schweiz (40 Minuten), Stra\u00dfburg, Frankreich (60 Minuten) und Frankfurt, Deutschland (2 Stunden).<\/li>\n<\/ul>\n\n\n\n<p><\/p>\n\n\n\n<h4 class=\"wp-block-heading\">Freiburgs Solarpunk Aush\u00e4ngeschilder<\/h4>\n\n\n\n<ul class=\"wp-block-list\">\n<li><strong>Der Solar-Radweg (siehe Titelbild des Artikels):<\/strong> Mit einer L\u00e4nge von 300 m soll dieser spezielle Radweg mit Solardach j\u00e4hrlich bis zu 280 MWh Strom erzeugen, was dem Stromverbrauch von etwa 180 Personen entspricht. Er ist mit 900 Photovoltaik-Modulen ausgestattet, die eine durchgehende \u00dcberdachung f\u00fcr die Radfahrer bilden und sie somit vor Niederschl\u00e4gen sch\u00fctzen. Er wurde Anfang 2023 offiziell eingeweiht und ist einzigartig in Deutschland.<em>[9]<\/em><\/li>\n<\/ul>\n\n\n\n<p><\/p>\n\n\n\n<ul class=\"wp-block-list\">\n<li><strong>Fraunhofer-Institut f\u00fcr Solare Energiesysteme (ISE)<\/strong>: Dieses weltweit f\u00fchrende Forschungszentrum hat Innovationen wie hocheffiziente Photovoltaikzellen und fortschrittliche Energiespeichersysteme f\u00fcr urbane Netze entwickelt.<\/li>\n<\/ul>\n\n\n\n<p><\/p>\n\n\n\n<ul class=\"wp-block-list\">\n<li><strong>Green City Hotel Vauban<\/strong>: Ein nachhaltig gebautes und betriebenes Hotel. Weitere Einzelheiten unter <a href=\"https:\/\/www.greencityhotel-vauban.de\">https:\/\/www.greencityhotel-vauban.de.<\/a> <\/li>\n<\/ul>\n\n\n\n<p><\/p>\n\n\n\n<ul class=\"wp-block-list\">\n<li><strong>Uniklinik Freiburg<\/strong>: Der Krankenhauskomplex integriert begr\u00fcnte D\u00e4cher mit Solaranlagen, die 360 Megawattstunden Energie pro Jahr produzieren und den CO2-Aussto\u00df um 134 Tonnen reduzieren<em>[10]<\/em><\/li>\n<\/ul>\n\n\n\n<p><\/p>\n\n\n\n<ul class=\"wp-block-list\">\n<li><strong>Die er\u00fchmten Freiburger B\u00e4chle, die durch die Altstadt flie\u00dfen:<\/strong> Diese kleinen malerischen Wasserl\u00e4ufe wurden im Mittelalter angelegt, um Freiburg mit frischem Wasser und Wasser f\u00fcr die Feuerwehr zu versorgen. Sie transportierten auch Regen- und Schmelzwasser ab, wodurch \u00dcberschwemmungen verhindert wurden (siehe auch unseren Artikel \u00fcber <a href=\"https:\/\/solarpunkcities.com\/de\/technologie\/das-konzept-der-schwammstadt-vom-alten-china-zur-neuzeit\/\" data-type=\"link\" data-id=\"https:\/\/solarpunkcities.com\/de\/technologie\/das-konzept-der-schwammstadt-vom-alten-china-zur-neuzeit\/\">Schwammst\u00e4dte<\/a>). Nach ihrem Weg durch das Stadtzentrum wurde das Wasser zur Bew\u00e4sserung der Felder genutzt.<em>[11]<\/em> Heute k\u00fchlen sie im Sommer die Luft und dienen anderen, einfallsreicheren Zwecken, wie zum Beispiel dem K\u00fchlen von Getr\u00e4nken (siehe Foto unten) \u2013 abgesehen davon, dass sie eine Touristenattraktion sind.<\/li>\n<\/ul>\n\n\n\n<p><\/p>\n\n\n\n<figure class=\"wp-block-image size-large\"><img decoding=\"async\" width=\"1024\" height=\"683\" data-src=\"https:\/\/solarpunkcities.com\/wp-content\/uploads\/2025\/02\/marco-pregnolato-zHIL6X4wdtk-unsplash-1024x683.jpg\" alt=\"Ein Freiburger &quot;B\u00e4chle&quot; in der Mitte einer Fu\u00dfg\u00e4ngerzone; im Sommer k\u00fchlen sie die Luft ab. Auf diesem Bild dienen sie auch der K\u00fchlung von zwei Weinflaschen, die in roten Eimern ins B\u00e4chle gestellt wurden.\" class=\"wp-image-15270 lazyload\" data-srcset=\"https:\/\/solarpunkcities.com\/wp-content\/uploads\/2025\/02\/marco-pregnolato-zHIL6X4wdtk-unsplash-1024x683.jpg 1024w, https:\/\/solarpunkcities.com\/wp-content\/uploads\/2025\/02\/marco-pregnolato-zHIL6X4wdtk-unsplash-300x200.jpg 300w, https:\/\/solarpunkcities.com\/wp-content\/uploads\/2025\/02\/marco-pregnolato-zHIL6X4wdtk-unsplash-768x512.jpg 768w, https:\/\/solarpunkcities.com\/wp-content\/uploads\/2025\/02\/marco-pregnolato-zHIL6X4wdtk-unsplash-1536x1024.jpg 1536w, https:\/\/solarpunkcities.com\/wp-content\/uploads\/2025\/02\/marco-pregnolato-zHIL6X4wdtk-unsplash-2048x1365.jpg 2048w\" data-sizes=\"(max-width: 1024px) 100vw, 1024px\" src=\"data:image\/svg+xml;base64,PHN2ZyB3aWR0aD0iMSIgaGVpZ2h0PSIxIiB4bWxucz0iaHR0cDovL3d3dy53My5vcmcvMjAwMC9zdmciPjwvc3ZnPg==\" style=\"--smush-placeholder-width: 1024px; --smush-placeholder-aspect-ratio: 1024\/683;\" \/><\/figure>\n\n\n\n<p><\/p>\n\n\n\n<h4 class=\"wp-block-heading\">Ausblick<\/h4>\n\n\n\n<p>Ziel von Freiburg ist:<\/p>\n\n\n\n<ul class=\"wp-block-list\">\n<li>Erreichen der Klimaneutralit\u00e4t bis 2038, in \u00dcbereinstimmung mit den nationalen Zielen Deutschlands<\/li>\n<\/ul>\n\n\n\n<p><\/p>\n\n\n\n<ul class=\"wp-block-list\">\n<li>Ausbau erneuerbarer Energien, um 100 % des Strombedarfs zu decken. Das gr\u00f6\u00dfte Potenzial f\u00fcr erneuerbare Energien in der Region liegt in der Photovoltaik: 3.000 Gigawattstunden pro Jahr (GWh\/a) auf D\u00e4chern und an Fassaden und 1.800 GWh\/a aus Freifl\u00e4chenanlagen. Das Potenzial f\u00fcr Windenergie betr\u00e4gt etwa 3.000 GWh\/a. Bei der W\u00e4rmeerzeugung sticht die Umweltw\u00e4rme hervor, wobei das Potenzial f\u00fcr oberfl\u00e4chennahe Geothermie und Umgebungsluft 2.115 GWh\/a betr\u00e4gt, gefolgt von der Tiefengeothermie mit 400 GWh\/a.<em>[12]<\/em><\/li>\n<\/ul>\n\n\n\n<p><\/p>\n\n\n\n<ul class=\"wp-block-list\">\n<li>Weiterentwicklung von \u00d6ko-Stadtteilen wie Dietenbach, wo bis 2035 15.000 Einwohner mit einem Netto-Null-Energieverbrauch leben sollen<em>[13]<\/em><\/li>\n<\/ul>\n\n\n\n<p><\/p>\n\n\n\n<ul class=\"wp-block-list\">\n<li>Weltweit f\u00fchrend in nachhaltiger Stadtplanung sowie technischen Innovationen bleiben<\/li>\n<\/ul>\n\n\n\n<h4 class=\"wp-block-heading\">Zusammenfassung<\/h4>\n\n\n\n<p>Nach dem Zweiten Weltkrieg, als viele Teile der urspr\u00fcnglichen Stadt zerst\u00f6rt wurden, hat sich Freiburg in eine bl\u00fchende Solarpunk-Stadt mit wachsender Bev\u00f6lkerung verwandelt. Die Stadt hat bemerkenswerte Fortschritte in Sachen Nachhaltigkeit gemacht. Die spezifischen pro Kopf CO2-Emissionen \u00fcber alle Bereiche hinweg sind von 11,76 Tonnen im Jahr 1992 auf 6,39 Tonnen im Jahr 2020 gesunken, was einer Reduzierung von 45,6 % entspricht. <em>[14]<\/em> Die Einwohner Freiburgs genie\u00dfen eine hohe Lebensqualit\u00e4t mit viel Gr\u00fcn, einer lebendigen Altstadt und umgeben von einer wundersch\u00f6nen Landschaft. Investitionen in Technologien f\u00fcr erneuerbare Energien nebst deren Umsetzung sowie umweltfreundlicher Konzepte und Standards schufen viele Arbeitspl\u00e4tze. Dazu trugen ebenfalls die Planung und Neugr\u00fcndung umweltfreundlicher Stadtviertel und der Ausbau des \u00f6ffentlichen Nachverkehrs bei. Freiburg hat den Worten Taten folgen lassen, sich mittel- bis langfristige Ziele gesetzt und greifbare, quantifizierbare Ergebnisse erzielt, die regelm\u00e4\u00dfig aktualisiert und per Bekanntmachungen, Berichten oder Websites verbreitet wurden. Diese Erfolge unterstreichen das Engagement der Stadt f\u00fcr eine gr\u00fcnere, lebenswertere Zukunft f\u00fcr alle.<\/p>\n\n\n\n<p><\/p>\n\n\n\n<p><strong>Quellen:<\/strong><\/p>\n\n\n\n<p>[1] <a href=\"https:\/\/en.wikipedia.org\/wiki\/Freiburg_im_Breisgau\">https:\/\/en.wikipedia.org\/wiki\/Freiburg_im_Breisgau<\/a><br>[2] <a href=\"https:\/\/www.study-in-germany.de\/en\/germany\/cities\/freiburg\/\">https:\/\/www.study-in-germany.de\/en\/germany\/cities\/freiburg\/<\/a><br>[3] <a href=\"https:\/\/greencity.freiburg.de\/pb\/milestones.html\">https:\/\/greencity.freiburg.de\/pb\/milestones.html<\/a><br>[4] <a href=\"https:\/\/www.freiburg.de\/pb\/,Lde\/208732.html\">https:\/\/www.freiburg.de\/pb\/,Lde\/208732.html<\/a><br>[5] <a href=\"https:\/\/en.wikipedia.org\/wiki\/Rieselfeld\">https:\/\/en.wikipedia.org\/wiki\/Rieselfeld<\/a><br>[6] <a href=\"https:\/\/en.wikipedia.org\/wiki\/Sonnenschiff#:~:text=Sonnenschiff%20(%20lit.,the%20Solar%20Settlement%20at%20Schlierberg.\">https:\/\/en.wikipedia.org\/wiki\/Sonnenschiff#:~:text=Sonnenschiff%20(%20lit.,the%20Solar%20Settlement%20at%20Schlierberg.<\/a><br>[7] <a href=\"https:\/\/www.rolfdisch.de\/projekte\/das-heliotrop\/\">https:\/\/www.rolfdisch.de\/projekte\/das-heliotrop\/<\/a><br>[8] <a href=\"https:\/\/de.wikipedia.org\/wiki\/Radverkehr_in_Freiburg_im_Breisgau\">https:\/\/de.wikipedia.org\/wiki\/Radverkehr_in_Freiburg_im_Breisgau<\/a><br>[9] <a href=\"https:\/\/efahrer.chip.de\/news\/geniales-pilotprojekt-ist-fertig-freiburg-hat-jetzt-einen-solar-radweg_1010255\">https:\/\/efahrer.chip.de\/news\/geniales-pilotprojekt-ist-fertig-freiburg-hat-jetzt-einen-solar-radweg_1010255<\/a><br>[10] <a href=\"https:\/\/www.uniklinik-freiburg.de\/uniklinikum\/zahlen-und-fakten\/nachhaltigkeit\/technik.html\">https:\/\/www.uniklinik-freiburg.de\/uniklinikum\/zahlen-und-fakten\/nachhaltigkeit\/technik.html<\/a><br>[11] <a href=\"https:\/\/de.wikipedia.org\/wiki\/Freiburger_B%C3%A4chle\">https:\/\/de.wikipedia.org\/wiki\/Freiburger_B%C3%A4chle<\/a><br>[12] <a href=\"https:\/\/www.freiburg.de\/site\/freiburg-2024\/get\/params_E-2113196521\/2120313\/2024_01_08%20Bericht_Energiebilanz_Region_Freiburg.pdf\">https:\/\/www.freiburg.de\/site\/freiburg-2024\/get\/params_E-2113196521\/2120313\/2024_01_08%20Bericht_Energiebilanz_Region_Freiburg.pdf<\/a><br>[13] <a href=\"https:\/\/de.wikipedia.org\/wiki\/Dietenbach_(Freiburg_im_Breisgau)#:~:text=6%20Einzelnachweise-,Lage,f%C3%BCr%20rund%2016.000%20Menschen%20entstehen.\">https:\/\/de.wikipedia.org\/wiki\/Dietenbach_(Freiburg_im_Breisgau)#:~:text=6%20Einzelnachweise-,Lage,f%C3%BCr%20rund%2016.000%20Menschen%20entstehen.<\/a><br>[14] <a href=\"https:\/\/www.freiburg.de\/site\/freiburg-2024\/get\/params_E548774210\/2059583\/Bericht_Klimabilanz_Freiburg_2019_2020.pdf\">https:\/\/www.freiburg.de\/site\/freiburg-2024\/get\/params_E548774210\/2059583\/Bericht_Klimabilanz_Freiburg_2019_2020.pdf<\/a><\/p>\n\n\n\n<p><\/p>\n\n\n\n<p><\/p>\n","protected":false},"excerpt":{"rendered":"<p>Freiburg hat Worten Taten folgen lassen, um Umweltschutz und Energiewende anzugehen und dabei greifbare Ergebnisse erzielt, wie z.B. eine Reduzierung der CO2-Emissionen pro Kopf um 46 %. Diese Erfolge unterstreichen das Engagement der Stadt f\u00fcr eine gr\u00fcnere, lebenswertere Zukunft. <\/p>\n","protected":false},"author":2,"featured_media":14454,"comment_status":"closed","ping_status":"closed","sticky":false,"template":"","format":"standard","meta":{"wds_primary_category":183,"footnotes":""},"categories":[183,53],"tags":[274,275,138],"class_list":["post-15091","post","type-post","status-publish","format-standard","has-post-thumbnail","hentry","category-freiburg-de","category-stadt-projekte","tag-deutschland","tag-freiburg","tag-solarpunk-de"],"_links":{"self":[{"href":"https:\/\/solarpunkcities.com\/de\/wp-json\/wp\/v2\/posts\/15091","targetHints":{"allow":["GET"]}}],"collection":[{"href":"https:\/\/solarpunkcities.com\/de\/wp-json\/wp\/v2\/posts"}],"about":[{"href":"https:\/\/solarpunkcities.com\/de\/wp-json\/wp\/v2\/types\/post"}],"author":[{"embeddable":true,"href":"https:\/\/solarpunkcities.com\/de\/wp-json\/wp\/v2\/users\/2"}],"replies":[{"embeddable":true,"href":"https:\/\/solarpunkcities.com\/de\/wp-json\/wp\/v2\/comments?post=15091"}],"version-history":[{"count":4,"href":"https:\/\/solarpunkcities.com\/de\/wp-json\/wp\/v2\/posts\/15091\/revisions"}],"predecessor-version":[{"id":20354,"href":"https:\/\/solarpunkcities.com\/de\/wp-json\/wp\/v2\/posts\/15091\/revisions\/20354"}],"wp:featuredmedia":[{"embeddable":true,"href":"https:\/\/solarpunkcities.com\/de\/wp-json\/wp\/v2\/media\/14454"}],"wp:attachment":[{"href":"https:\/\/solarpunkcities.com\/de\/wp-json\/wp\/v2\/media?parent=15091"}],"wp:term":[{"taxonomy":"category","embeddable":true,"href":"https:\/\/solarpunkcities.com\/de\/wp-json\/wp\/v2\/categories?post=15091"},{"taxonomy":"post_tag","embeddable":true,"href":"https:\/\/solarpunkcities.com\/de\/wp-json\/wp\/v2\/tags?post=15091"}],"curies":[{"name":"wp","href":"https:\/\/api.w.org\/{rel}","templated":true}]}}