{"id":29846,"date":"2025-11-01T00:00:00","date_gmt":"2025-10-31T22:00:00","guid":{"rendered":"https:\/\/solarpunkcities.com\/?p=29846"},"modified":"2025-11-01T07:57:43","modified_gmt":"2025-11-01T05:57:43","slug":"vertikal-nydalen-in-oslo-nachhaltige-architektur-im-einklang-mit-solarpunk-idealen","status":"publish","type":"post","link":"https:\/\/solarpunkcities.com\/de\/stadt-projekte\/vertikal-nydalen-in-oslo-nachhaltige-architektur-im-einklang-mit-solarpunk-idealen\/","title":{"rendered":"Vertikal Nydalen in Oslo: Nachhaltige Architektur im Einklang mit Solarpunk-Idealen"},"content":{"rendered":"\n<p>Im Herzen des Osloer Stadtteils Nydalen steht das <em>Vertikal Nydalen<\/em>, ein bahnbrechendes, gemischt genutztes Hochhaus von Sn\u00f8hetta, welches nachhaltige Architektur neu definiert. Dieses 18-st\u00f6ckige, 11.000 m\u00b2 gro\u00dfe Geb\u00e4ude, das im April 2024 fertiggestellt wurde, ist ein Beispiel f\u00fcr das Engagement des Unternehmens f\u00fcr \u00f6kologische, soziale und wirtschaftliche Nachhaltigkeit. Konzipiert als &#8222;Triple-Zero-L\u00f6sung&#8220; erreicht es einen Netto-Null-Energieverbrauch f\u00fcr Heizung, K\u00fchlung und Bel\u00fcftung\u2014ohne Zukauf externer Energie\u2014und dient gleichzeitig als lebendiger \u00f6ffentlicher Platz und Wohnzentrum[1].<\/p>\n\n\n\n<figure class=\"wp-block-image size-large\"><img fetchpriority=\"high\" decoding=\"async\" width=\"768\" height=\"1024\" src=\"https:\/\/solarpunkcities.com\/wp-content\/uploads\/2025\/05\/2015120_OS_N1207_medium-768x1024.jpg\" alt=\"Die beiden schr\u00e4gen T\u00fcrme des Vertikal Nydalen nebeneinander\" class=\"wp-image-29829\" srcset=\"https:\/\/solarpunkcities.com\/wp-content\/uploads\/2025\/05\/2015120_OS_N1207_medium-768x1024.jpg 768w, https:\/\/solarpunkcities.com\/wp-content\/uploads\/2025\/05\/2015120_OS_N1207_medium-225x300.jpg 225w, https:\/\/solarpunkcities.com\/wp-content\/uploads\/2025\/05\/2015120_OS_N1207_medium-1152x1536.jpg 1152w, https:\/\/solarpunkcities.com\/wp-content\/uploads\/2025\/05\/2015120_OS_N1207_medium.avif 1200w\" sizes=\"(max-width: 768px) 100vw, 768px\" \/><\/figure>\n\n\n\n<h4 class=\"wp-block-heading\">Nydalen wiederbeleben<\/h4>\n\n\n\n<p>Das ehemalige Industriegebiet Nydalen hat sich in den letzten Jahrzehnten stark gewandelt. Der Standort, Gullhaug Torg, diente fr\u00fcher als Parkplatz, als sich das Viertel von industrieller zur moderner Gesch\u00e4ftsnutzung wandelte. Im Zuge von Nydalens Entwicklung zu einem pulsierenden Wohngebiet bestand die Vision f\u00fcr Vertikal Nydalen darin, einen autofreien Stadtplatz und ein Hochhaus zu schaffen, das mehreren Zwecken dient.[1]<\/p>\n\n\n\n<p>Das Projekt sollte die Interaktion der Gemeinschaft f\u00f6rdern, nachhaltiges Leben unterst\u00fctzen und einen neuen Mittelpunkt f\u00fcr das Viertel bilden. Durch die Integration von Wohn-, Gesch\u00e4fts- und \u00f6ffentlichen R\u00e4umen wurde Vertikal Nydalen so konzipiert, dass es die unterschiedlichen Bed\u00fcrfnisse seiner Nutzer erf\u00fcllt und gleichzeitig zur Wiederbelebung des Viertels beitr\u00e4gt.<\/p>\n\n\n\n<h4 class=\"wp-block-heading\">Die Triple Zero L\u00f6sung<\/h4>\n\n\n\n<p>Das Herzst\u00fcck der Nachhaltigkeit von Vertikal Nydalen ist die &#8222;Triple Zero L\u00f6sung&#8220;[1], was bedeutet, dass keine Energie<strong> <\/strong>zum Heizen, K\u00fchlen oder L\u00fcften einggekauft wird. Dies wird durch mehrere integrierte Systeme erreicht: <\/p>\n\n\n\n<ul class=\"wp-block-list\">\n<li><strong>Geothermie-Brunnen:<\/strong> Das Wasser aus den Geobrunnen zirkuliert durch die Lehmw\u00e4nde und Betonplatten des Geb\u00e4udes und sorgt je nach Bedarf f\u00fcr Heizung und K\u00fchlung.<\/li>\n<\/ul>\n\n\n\n<p><\/p>\n\n\n\n<ul class=\"wp-block-list\">\n<li><strong>Fotovoltaik-Systeme:<\/strong> <a href=\"https:\/\/solarpunkcities.com\/de\/energie\/die-magische-umwandlung-von-licht-in-elektrizitaet\/\">Solarmodule<\/a> auf dem Dach treiben die W\u00e4rmepumpe an, welche das Klimasystem des Geb\u00e4udes steuert.<\/li>\n<\/ul>\n\n\n\n<p><\/p>\n\n\n\n<ul class=\"wp-block-list\">\n<li><strong>Nat\u00fcrliche Bel\u00fcftung:<\/strong> Die abgewinkelte Fassade des Geb\u00e4udes erzeugt Druckunterschiede, durch die sich die Luft ohne mechanische Ventilatoren durch die Anlage bewegen kann. Die Luft str\u00f6mt durch Ventile oder Fenster in der Fassade ein, die sich je nach Bedarf \u00f6ffnen und schlie\u00dfen und so f\u00fcr eine effiziente Luftzirkulation sorgen.  <\/li>\n<\/ul>\n\n\n\n<h4 class=\"wp-block-heading\">Passive Geb\u00e4udeklimaregelung mitels Design<\/h4>\n\n\n\n<p>Vertikal Nydalen verwendet ein passives Bel\u00fcftungssystem, das herk\u00f6mmliche Heizungs-, Bel\u00fcftungs- und Klimaanlagen (HVAC) durch intelligentes Design und nat\u00fcrliche Luftstr\u00f6me ersetzt. F\u00fcr eine herk\u00f6mmliche Bel\u00fcftung m\u00fcssen Decken bis zu 1 m abgeh\u00e4ngt werden, um Raum f\u00fcr die L\u00fcftungskan\u00e4le zu schaffen. Ohne deren Verwendung er\u00fcbrigt sich das Abh\u00e4ngen der Decken, was Platz spart und mehr Licht bringt. Es entsteht ein Gef\u00fchl von Offenheit und eine bessere Raumqualit\u00e4t. <\/p>\n\n\n\n<p>Nat\u00fcrlich bel\u00fcftete B\u00fcror\u00e4ume ben\u00f6tigen weniger Wartungsaufwand und sind so ausgelegt, dass sie sich gem\u00e4\u00df der variierenden Kundenbed\u00fcrfnisse anpassen lassen. Die schr\u00e4ge Fassade des Geb\u00e4udes erzeugt Druckunterschiede, die auf der windzugewandten Seite Frischluft ansaugen und auf der windabgewandten Seite warme Luft aussto\u00dfen, was eine effektive Querl\u00fcftung im gesamten Geb\u00e4ude erm\u00f6glicht.<\/p>\n\n\n\n<p>Im Inneren bietet Sichtbeton\u2014der als fertige Oberfl\u00e4che sichtbar bleibt und nicht durch Farbe, Putz oder Verkleidung abgedeckt ist\u2014eine thermische Masse, die W\u00e4rme absorbiert und wieder abgibt, um die Innentemperatur auf nat\u00fcrliche Weise zu stabilisieren. Dieses System reduziert den Energieverbrauch des Geb\u00e4udes erheblich und sorgt f\u00fcr ein angenehmes Raumklima, ohne auf konventionelle Systeme angewiesen zu sein. Alle gro\u00dfen Tagungsr\u00e4ume haben zudem mit Lehm verkleidete W\u00e4nde mit Wasserrohren, welche Temperatur und Luftfeuchtigkeit durch Aufnahme und Abgabe von Feuchtigkeit regulieren.   <\/p>\n\n\n\n<p>Jeder Raum im Vertikal Nydalen ist mit Sensoren ausgestattet, die Temperatur, Feuchtigkeit, CO2-Gehalt und Belegung \u00fcberwachen. Diese Sensoren erm\u00f6glichen es dem Automatisierungssystem des Geb\u00e4udes, die Bel\u00fcftung und Temperatur in Echtzeit zu steuern. Bei Bedarf \u00f6ffnen sich Fenster oder L\u00fcftungs\u00f6ffnungen automatisch, um die Luftqualit\u00e4t zu verbessern, w\u00e4hrend geothermische Systeme f\u00fcr eine Wohlf\u00fchltemperatur sorgen. \u00dcber QR-Codes an jedem Schreibtisch k\u00f6nnen die Benutzer R\u00fcckmeldungen geben, die\u2014in Kombination mit den Klimadaten\u2014dazu beitragen, die Bel\u00fcftung anzupassen und den Innenraumkomfort zu optimieren. Dieses reaktionsschnelle System sorgt f\u00fcr <a href=\"https:\/\/solarpunkcities.com\/de\/kunst\/architektur\/niedrigenergiehauser-bauen-fur-eine-nachhaltige-zukunft\/\">Energieeffizienz<\/a> und eine hohe Raumluftqualit\u00e4t, die auf die einzelnen R\u00e4ume zugeschnitten ist.<\/p>\n\n\n\n<figure class=\"wp-block-image size-large\"><img decoding=\"async\" width=\"1024\" height=\"683\" data-src=\"https:\/\/solarpunkcities.com\/wp-content\/uploads\/2025\/05\/2015120_OS_N703_publication-1024x683.webp\" alt=\"Tagungsraum mit rundem Tisch und roten St\u00fchlen\" class=\"wp-image-29836 lazyload\" data-srcset=\"https:\/\/solarpunkcities.com\/wp-content\/uploads\/2025\/05\/2015120_OS_N703_publication-1024x683.webp 1024w, https:\/\/solarpunkcities.com\/wp-content\/uploads\/2025\/05\/2015120_OS_N703_publication-300x200.webp 300w, https:\/\/solarpunkcities.com\/wp-content\/uploads\/2025\/05\/2015120_OS_N703_publication-768x512.webp 768w, https:\/\/solarpunkcities.com\/wp-content\/uploads\/2025\/05\/2015120_OS_N703_publication-1536x1025.webp 1536w, https:\/\/solarpunkcities.com\/wp-content\/uploads\/2025\/05\/2015120_OS_N703_publication-2048x1366.webp 2048w\" data-sizes=\"(max-width: 1024px) 100vw, 1024px\" src=\"data:image\/svg+xml;base64,PHN2ZyB3aWR0aD0iMSIgaGVpZ2h0PSIxIiB4bWxucz0iaHR0cDovL3d3dy53My5vcmcvMjAwMC9zdmciPjwvc3ZnPg==\" style=\"--smush-placeholder-width: 1024px; --smush-placeholder-aspect-ratio: 1024\/683;\" \/><\/figure>\n\n\n\n<p>Zusammengefasst tragen diese Systeme zu einer Reduzierung der CO2-Emissionen bzgl. Material, Transport und Energie um mehr als 50% bei![1]<\/p>\n\n\n\n<h4 class=\"wp-block-heading\">Eine bunt gemixte &#8222;vertikale&#8220; Gemeinschaft<\/h4>\n\n\n\n<p>Vertikal Nydalen ist ein gemischt genutztes Geb\u00e4ude mit Restaurants auf Stra\u00dfenebene, f\u00fcnf Etagen mit B\u00fcrofl\u00e4chen und Wohnungen in den oberen Etagen. Das Geb\u00e4ude ist in zwei unterschiedlich hohe T\u00fcrme unterteilt, um die Blickachsen zu erhalten und einen helleren Eindruck zu vermitteln. \u00d6ffentliche R\u00e4ume, einschlie\u00dflich verschiedener kleiner Aufenthaltsbereiche und Durchg\u00e4nge, werden im Erdgeschoss rund um das Geb\u00e4ude geschaffen. Dadurch gibt es auf der neu angelegten Plaza gute Sonnenlichtverh\u00e4ltnisse und sie ist windgesch\u00fctzt.[1]<\/p>\n\n\n\n<p>Obgleich der Stadtteil Nydalen als solches nicht g\u00e4nzlich autofrei ist, wurden bestimmte Bauprojekte wie das Vertikal Nydalen Projekt so konzipiert, dass dort autofreie Zonen entstehen. So gibt es im Untergeschoss statt einer Tiefgarage Fahrradabstellpl\u00e4tze, Schlie\u00dff\u00e4cher und sogar Duschen f\u00fcr Fahrr\u00e4der. <\/p>\n\n\n\n<p>Das Design priorisiert nat\u00fcrliche Materialien und gro\u00dfz\u00fcgige R\u00e4ume. Die Fassade ist mit w\u00e4rmebehandeltem Kiefernholz verkleidet und bietet ein warmes und einladendes \u00c4u\u00dferes. Auskragende Balkone mit Stahloberfl\u00e4chen sorgen f\u00fcr einen dynamischen visuellen Effekt, und ihre perforierten Gel\u00e4nder fangen das Licht aus verschiedenen Blickwinkeln ein. Im Inneren sorgen Sichtbetonkerne f\u00fcr thermische Masse, w\u00e4hrend die Wohnungen mit d\u00fcnnem Eichenparkett und gro\u00dfen Fenstern ausgestattet sind, die das nat\u00fcrliche Licht maximieren und Ausblicke auf die Umgebung, einschlie\u00dflich des Oslofjords, bieten.<\/p>\n\n\n\n<figure class=\"wp-block-image size-large\"><img decoding=\"async\" width=\"1024\" height=\"651\" data-src=\"https:\/\/solarpunkcities.com\/wp-content\/uploads\/2025\/05\/2015120_OS_N741_publication-1024x651.webp\" alt=\"Moderne K\u00fcche und Essbereich eines der Apartments im obersten Stockwerk, mit Holzboden, Betondecke und zwei in die schr\u00e4ge Fassade eingelassenen Panoramafenstern\" class=\"wp-image-29834 lazyload\" data-srcset=\"https:\/\/solarpunkcities.com\/wp-content\/uploads\/2025\/05\/2015120_OS_N741_publication-1024x651.webp 1024w, https:\/\/solarpunkcities.com\/wp-content\/uploads\/2025\/05\/2015120_OS_N741_publication-300x191.webp 300w, https:\/\/solarpunkcities.com\/wp-content\/uploads\/2025\/05\/2015120_OS_N741_publication-768x488.webp 768w, https:\/\/solarpunkcities.com\/wp-content\/uploads\/2025\/05\/2015120_OS_N741_publication-1536x976.webp 1536w, https:\/\/solarpunkcities.com\/wp-content\/uploads\/2025\/05\/2015120_OS_N741_publication-2048x1301.webp 2048w\" data-sizes=\"(max-width: 1024px) 100vw, 1024px\" src=\"data:image\/svg+xml;base64,PHN2ZyB3aWR0aD0iMSIgaGVpZ2h0PSIxIiB4bWxucz0iaHR0cDovL3d3dy53My5vcmcvMjAwMC9zdmciPjwvc3ZnPg==\" style=\"--smush-placeholder-width: 1024px; --smush-placeholder-aspect-ratio: 1024\/651;\" \/><\/figure>\n\n\n\n<h4 class=\"wp-block-heading\">Zeitplan und Meilensteine<\/h4>\n\n\n\n<p>Das Vertikal Nydalen wurde offiziell am 25. April 2024 er\u00f6ffnet. Das Projekt wurde von Sn\u00f8hetta in Zusammenarbeit mit Avantor, dem Bauherrn, und Skanska, dem Auftragnehmer, entwickelt.[1] Das Geb\u00e4ude hat die BREEAM-NOR-Zertifizierung Excellent f\u00fcr die B\u00fcrofl\u00e4chen und die Zertifizierung Very Good f\u00fcr die Apartments erhalten,[2] was die hohen Standards in Bezug auf Nachhaltigkeit und Umweltvertr\u00e4glichkeit widerspiegelt.  <\/p>\n\n\n\n<p><\/p>\n\n\n\n<h4 class=\"wp-block-heading\">L\u00fcckenlose Nachhaltigkeit: Ein ganzheitlicher Ansatz<\/h4>\n\n\n\n<p>Vertikal Nydalen verk\u00f6rpert durch sein Design, seinen Bau und seinen Betrieb eine durchg\u00e4ngige Nachhaltigkeit:<\/p>\n\n\n\n<ul class=\"wp-block-list\">\n<li><strong>Energie-Effizienz:<\/strong> Die Triple-Zero-L\u00f6sung des Geb\u00e4udes stellt sicher, dass keine Energie f\u00fcr Heizung, K\u00fchlung oder Bel\u00fcftung ben\u00f6tigt wird.<\/li>\n<\/ul>\n\n\n\n<p><\/p>\n\n\n\n<ul class=\"wp-block-list\">\n<li><strong>Auswahl der Materialien:<\/strong> Die Verwendung nat\u00fcrlicher und lokaler Materialien, wie w\u00e4rmebehandeltes Kiefernholz und Sichtbeton, reduziert die Umweltauswirkungen des Geb\u00e4udes.<\/li>\n<\/ul>\n\n\n\n<p><\/p>\n\n\n\n<ul class=\"wp-block-list\">\n<li><strong>Raumklimaqualit\u00e4t:<\/strong> Nat\u00fcrliche Bel\u00fcftung und reichlich nat\u00fcrliches Licht tragen zu einem gesunden Innenraumklima f\u00fcr die Bewohner bei.<\/li>\n<\/ul>\n\n\n\n<p><\/p>\n\n\n\n<ul class=\"wp-block-list\">\n<li><strong>Integration der Gemeinschaft:<\/strong> \u00d6ffentliche R\u00e4ume und Annehmlichkeiten auf Stra\u00dfenebene f\u00f6rdern die Interaktion und das Engagement der Gemeinschaft.<\/li>\n<\/ul>\n\n\n\n<p><\/p>\n\n\n\n<p>All diese Elemente tragen gemeinsam zur Nachhaltigkeit des Geb\u00e4udes bei und spiegeln auch <a href=\"https:\/\/solarpunkcities.com\/de\/solarpunk\/\">Prinzipien des Solarpunk<\/a> wider, der f\u00fcr eine optimistische Zukunft eintritt, in der Technologie und Natur harmonisch koexistieren.<\/p>\n\n\n\n<figure class=\"wp-block-image size-large\"><img decoding=\"async\" width=\"1024\" height=\"768\" data-src=\"https:\/\/solarpunkcities.com\/wp-content\/uploads\/2025\/05\/2015120_OS_N1302_medium-1024x768.jpg\" alt=\"Spektakul\u00e4rer Blick von der Spitze des h\u00f6heren Turms entlang der Holzfassade und der Balkone hinunter auf einen Fluss neben dem Fundament\" class=\"wp-image-29839 lazyload\" data-srcset=\"https:\/\/solarpunkcities.com\/wp-content\/uploads\/2025\/05\/2015120_OS_N1302_medium-1024x768.jpg 1024w, https:\/\/solarpunkcities.com\/wp-content\/uploads\/2025\/05\/2015120_OS_N1302_medium-300x225.jpg 300w, https:\/\/solarpunkcities.com\/wp-content\/uploads\/2025\/05\/2015120_OS_N1302_medium-768x576.jpg 768w, https:\/\/solarpunkcities.com\/wp-content\/uploads\/2025\/05\/2015120_OS_N1302_medium.avif 1200w\" data-sizes=\"(max-width: 1024px) 100vw, 1024px\" src=\"data:image\/svg+xml;base64,PHN2ZyB3aWR0aD0iMSIgaGVpZ2h0PSIxIiB4bWxucz0iaHR0cDovL3d3dy53My5vcmcvMjAwMC9zdmciPjwvc3ZnPg==\" style=\"--smush-placeholder-width: 1024px; --smush-placeholder-aspect-ratio: 1024\/768;\" \/><\/figure>\n\n\n\n<h4 class=\"wp-block-heading\">Ein Modell f\u00fcr nachhaltiges urbanes Leben<\/h4>\n\n\n\n<p>Das Vertikal Nydalen ist ein Beweis f\u00fcr das Potenzial nachhaltiger Architektur, urbane Umgebungen zu transformieren. Durch die Integration innovativer Energiel\u00f6sungen, nat\u00fcrlicher Materialien und eines gemeinschaftsorientierten Designs bietet das Geb\u00e4ude eine Blaupause f\u00fcr zuk\u00fcnftige Entwicklungen, welche ein Gleichgewicht zwischen Umweltverantwortung und menschlichem Wohlbefinden anstreben. Da St\u00e4dte weltweit mit den Herausforderungen des Klimawandels und der Urbanisierungsdynamik zu k\u00e4mpfen haben, bieten Projekte wie Vertikal Nydalen wertvolle Einblicke in die Schaffung widerstandsf\u00e4higer, nachhaltiger Gemeinschaften.[3]<\/p>\n\n\n\n<p>Alle Fotos: Lars Petter Pettersen \/ Sn\u00f8hetta<\/p>\n\n\n\n<h4 class=\"wp-block-heading\">Quellen:<\/h4>\n\n\n\n<p>[1] <a href=\"https:\/\/www.snohetta.com\/projects\/vertikal-nydalen\">https:\/\/www.snohetta.com\/projects\/vertikal-nydalen<\/a><br>[2] <a href=\"https:\/\/www.kvistsolutions.com\/blog\/post\/What%20is%20a%20BREEAM%20certification%3F\">https:\/\/www.kvistsolutions.com\/blog\/post\/What%20is%20a%20BREEAM%20certification%3F<\/a><br>[3] <a href=\"https:\/\/www.arte.tv\/en\/videos\/115025-002-A\/city-climate-sustainability\/\">https:\/\/www.arte.tv\/en\/videos\/115025-002-A\/city-climate-sustainability\/<\/a><\/p>\n\n\n\n<p><\/p>\n\n\n\n<p><\/p>\n","protected":false},"excerpt":{"rendered":"<p>Vertikal Nydalen in Oslo ist ein bahnbrechendes 18-st\u00f6ckiges Hochhaus, mit Au\u00dfenfassaden aus Holz. Ein gemischt genutztes Nachhaltigkeitskonzept par excellence, basierend auf einer Triple-Zero-Energieeffizienz<\/p>\n","protected":false},"author":2,"featured_media":29832,"comment_status":"closed","ping_status":"closed","sticky":false,"template":"","format":"standard","meta":{"wds_primary_category":0,"footnotes":""},"categories":[5,277,278,53],"tags":[170,138,229],"class_list":{"0":"post-29846","1":"post","2":"type-post","3":"status-publish","4":"format-standard","5":"has-post-thumbnail","6":"hentry","7":"category-city-projects","8":"category-oslo","10":"category-stadt-projekte","11":"tag-norwegen","12":"tag-solarpunk-de","13":"tag-sustainability-de"},"_links":{"self":[{"href":"https:\/\/solarpunkcities.com\/de\/wp-json\/wp\/v2\/posts\/29846","targetHints":{"allow":["GET"]}}],"collection":[{"href":"https:\/\/solarpunkcities.com\/de\/wp-json\/wp\/v2\/posts"}],"about":[{"href":"https:\/\/solarpunkcities.com\/de\/wp-json\/wp\/v2\/types\/post"}],"author":[{"embeddable":true,"href":"https:\/\/solarpunkcities.com\/de\/wp-json\/wp\/v2\/users\/2"}],"replies":[{"embeddable":true,"href":"https:\/\/solarpunkcities.com\/de\/wp-json\/wp\/v2\/comments?post=29846"}],"version-history":[{"count":4,"href":"https:\/\/solarpunkcities.com\/de\/wp-json\/wp\/v2\/posts\/29846\/revisions"}],"predecessor-version":[{"id":30245,"href":"https:\/\/solarpunkcities.com\/de\/wp-json\/wp\/v2\/posts\/29846\/revisions\/30245"}],"wp:featuredmedia":[{"embeddable":true,"href":"https:\/\/solarpunkcities.com\/de\/wp-json\/wp\/v2\/media\/29832"}],"wp:attachment":[{"href":"https:\/\/solarpunkcities.com\/de\/wp-json\/wp\/v2\/media?parent=29846"}],"wp:term":[{"taxonomy":"category","embeddable":true,"href":"https:\/\/solarpunkcities.com\/de\/wp-json\/wp\/v2\/categories?post=29846"},{"taxonomy":"post_tag","embeddable":true,"href":"https:\/\/solarpunkcities.com\/de\/wp-json\/wp\/v2\/tags?post=29846"}],"curies":[{"name":"wp","href":"https:\/\/api.w.org\/{rel}","templated":true}]}}